{"id":462,"date":"2026-05-15T08:00:00","date_gmt":"2026-05-15T06:00:00","guid":{"rendered":"https:\/\/przedszkolebajkowakraina.pl\/?p=462"},"modified":"2026-05-25T16:17:27","modified_gmt":"2026-05-25T14:17:27","slug":"historia-naszej-placowki","status":"publish","type":"post","link":"https:\/\/przedszkolebajkowakraina.pl\/?p=462","title":{"rendered":"Historia naszej plac\u00f3wki"},"content":{"rendered":"\n<p class=\"wp-block-paragraph\">Nasze przedszkole funkcjonuje nieprzerwanie od 2014 roku. Od pocz\u0105tku istnienia naszym marzeniem by\u0142o stworzenie miejsca, w kt\u00f3rym dzieci b\u0119d\u0105 czu\u0142y si\u0119 bezpieczne, wa\u017cne i szcz\u0119\u015bliwe \u2013 miejsca pe\u0142nego ciep\u0142a, \u017cyczliwo\u015bci oraz rodzinnej atmosfery. Przez lata uda\u0142o nam si\u0119 zbudowa\u0107 przestrze\u0144, kt\u00f3ra ka\u017cdego dnia wype\u0142nia si\u0119 dzieci\u0119cym \u015bmiechem, rado\u015bci\u0105 odkrywania \u015bwiata i wyj\u0105tkowymi wspomnieniami.<\/p>\n\n\n\n<p class=\"wp-block-paragraph\">Ka\u017cdy rok dzia\u0142alno\u015bci to dla nas nowe do\u015bwiadczenia, pi\u0119kne historie i kolejne pokolenia dzieci, kt\u00f3re stawia\u0142y u nas swoje pierwsze kroki w edukacyjnej przygodzie. Wsp\u00f3lnie \u015bwi\u0119towali\u015bmy sukcesy, rozwijali\u015bmy talenty, wspierali\u015bmy dzieci w pokonywaniu codziennych wyzwa\u0144 i obserwowali\u015bmy, jak z ciekawych \u015bwiata maluch\u00f3w wyrastaj\u0105 pewni siebie, samodzielni m\u0142odzi ludzie.<\/p>\n\n\n\n<p class=\"wp-block-paragraph\">Najwi\u0119ksz\u0105 dum\u0105 i motywacj\u0105 do dalszej pracy s\u0105 nasi absolwenci, kt\u00f3rzy z powodzeniem kontynuuj\u0105 nauk\u0119 na kolejnych etapach edukacji. To w\u0142a\u015bnie ich u\u015bmiechy, osi\u0105gni\u0119cia i mi\u0142e wspomnienia pokazuj\u0105 nam, jak wa\u017cn\u0105 rol\u0119 odgrywa przedszkole w pierwszych latach \u017cycia dziecka.<\/p>\n\n\n\n<p class=\"wp-block-paragraph\">Dzi\u015b, bogatsi o wieloletnie do\u015bwiadczenie, nadal z takim samym zaanga\u017cowaniem i pasj\u0105 tworzymy miejsce przyjazne dzieciom i rodzicom. Nieustannie rozwijamy nasz\u0105 ofert\u0119 edukacyjn\u0105 i terapeutyczn\u0105, dbaj\u0105c o harmonijny rozw\u00f3j ka\u017cdego przedszkolaka. Wierzymy, \u017ce dzieci\u0144stwo to wyj\u0105tkowy czas, dlatego dok\u0142adamy wszelkich stara\u0144, aby by\u0142 on pe\u0142en rado\u015bci, bezpiecze\u0144stwa, inspiracji i pi\u0119knych chwil, kt\u00f3re pozostan\u0105 w pami\u0119ci na d\u0142ugie lata.<\/p>\n","protected":false},"excerpt":{"rendered":"<p>Nasze przedszkole funkcjonuje nieprzerwanie od 2014 roku. Od pocz\u0105tku istnienia naszym marzeniem by\u0142o stworzenie miejsca, w kt\u00f3rym dzieci b\u0119d\u0105 czu\u0142y si\u0119 bezpieczne, wa\u017cne i szcz\u0119\u015bliwe \u2013 miejsca pe\u0142nego ciep\u0142a, \u017cyczliwo\u015bci oraz rodzinnej atmosfery. Przez lata uda\u0142o nam si\u0119 zbudowa\u0107 przestrze\u0144, kt\u00f3ra ka\u017cdego dnia wype\u0142nia si\u0119 dzieci\u0119cym \u015bmiechem, rado\u015bci\u0105 odkrywania \u015bwiata i wyj\u0105tkowymi wspomnieniami. Ka\u017cdy rok [&hellip;]<\/p>\n","protected":false},"author":2,"featured_media":464,"comment_status":"open","ping_status":"open","sticky":false,"template":"","format":"standard","meta":{"footnotes":""},"categories":[1],"tags":[],"class_list":["post-462","post","type-post","status-publish","format-standard","has-post-thumbnail","hentry","category-uncategorized"],"_links":{"self":[{"href":"https:\/\/przedszkolebajkowakraina.pl\/index.php?rest_route=\/wp\/v2\/posts\/462","targetHints":{"allow":["GET"]}}],"collection":[{"href":"https:\/\/przedszkolebajkowakraina.pl\/index.php?rest_route=\/wp\/v2\/posts"}],"about":[{"href":"https:\/\/przedszkolebajkowakraina.pl\/index.php?rest_route=\/wp\/v2\/types\/post"}],"author":[{"embeddable":true,"href":"https:\/\/przedszkolebajkowakraina.pl\/index.php?rest_route=\/wp\/v2\/users\/2"}],"replies":[{"embeddable":true,"href":"https:\/\/przedszkolebajkowakraina.pl\/index.php?rest_route=%2Fwp%2Fv2%2Fcomments&post=462"}],"version-history":[{"count":1,"href":"https:\/\/przedszkolebajkowakraina.pl\/index.php?rest_route=\/wp\/v2\/posts\/462\/revisions"}],"predecessor-version":[{"id":463,"href":"https:\/\/przedszkolebajkowakraina.pl\/index.php?rest_route=\/wp\/v2\/posts\/462\/revisions\/463"}],"wp:featuredmedia":[{"embeddable":true,"href":"https:\/\/przedszkolebajkowakraina.pl\/index.php?rest_route=\/wp\/v2\/media\/464"}],"wp:attachment":[{"href":"https:\/\/przedszkolebajkowakraina.pl\/index.php?rest_route=%2Fwp%2Fv2%2Fmedia&parent=462"}],"wp:term":[{"taxonomy":"category","embeddable":true,"href":"https:\/\/przedszkolebajkowakraina.pl\/index.php?rest_route=%2Fwp%2Fv2%2Fcategories&post=462"},{"taxonomy":"post_tag","embeddable":true,"href":"https:\/\/przedszkolebajkowakraina.pl\/index.php?rest_route=%2Fwp%2Fv2%2Ftags&post=462"}],"curies":[{"name":"wp","href":"https:\/\/api.w.org\/{rel}","templated":true}]}}